{"id":3147,"date":"2024-09-19T23:38:27","date_gmt":"2024-09-19T21:38:27","guid":{"rendered":"https:\/\/www.plattformhaslital.ch\/?p=3147"},"modified":"2024-09-19T23:38:27","modified_gmt":"2024-09-19T21:38:27","slug":"klima-werkstatt","status":"publish","type":"post","link":"https:\/\/www.plattformhaslital.ch\/en\/klima-werkstatt\/","title":{"rendered":"Klima-Werkstatt"},"content":{"rendered":"<p><strong>GESUCHT: Dein Projekt f\u00fcrs Klima<\/strong><br \/>\nBeteilige dich aktiv am Klimaschutz vor Ort und entwickle als Einzelperson oder im Team (Verein\/Firma) dein eigenes Projekt, das konkret zur \"klimaneutralen Region Oberland-Ost\" beitr\u00e4gt. In der \"Klima-Werkstatt\" entwickeln wir gemeinsam Ideen und konkretisieren diese in den n\u00e4chsten Monaten bis zur Umsetzung. Du wirst unterst\u00fctzt durch Know-how, Gleichgesinnte, R\u00fcckenwind, Geld und Erfahrung.<\/p>\n<p><img decoding=\"async\" src=\"https:\/\/www.plattformhaslital.ch\/wp-content\/uploads\/2024\/09\/klimawerkstatt_info.jpg\" alt=\"\" \/><\/p>","protected":false},"excerpt":{"rendered":"<p>GESUCHT: Dein Projekt f\u00fcrs Klima Beteilige dich aktiv am Klimaschutz vor Ort und entwickle als Einzelperson oder im Team (Verein\/Firma) dein eigenes Projekt, das konkret zur \"klimaneutralen Region Oberland-Ost\" beitr\u00e4gt. In der \"Klima-Werkstatt\" entwickeln wir gemeinsam Ideen und konkretisieren diese in den n\u00e4chsten Monaten bis zur Umsetzung. Du wirst unterst\u00fctzt durch Know-how, Gleichgesinnte, R\u00fcckenwind, Geld [&hellip;]<\/p>","protected":false},"author":3,"featured_media":3150,"comment_status":"closed","ping_status":"closed","sticky":false,"template":"","format":"standard","meta":{"_seopress_robots_primary_cat":"none","_seopress_titles_title":"","_seopress_titles_desc":"","_seopress_robots_index":"","inline_featured_image":false,"footnotes":""},"categories":[1,3],"tags":[],"class_list":["post-3147","post","type-post","status-publish","format-standard","has-post-thumbnail","hentry","category-aktuell","category-events","post-wrapper"],"_links":{"self":[{"href":"https:\/\/www.plattformhaslital.ch\/en\/wp-json\/wp\/v2\/posts\/3147","targetHints":{"allow":["GET"]}}],"collection":[{"href":"https:\/\/www.plattformhaslital.ch\/en\/wp-json\/wp\/v2\/posts"}],"about":[{"href":"https:\/\/www.plattformhaslital.ch\/en\/wp-json\/wp\/v2\/types\/post"}],"author":[{"embeddable":true,"href":"https:\/\/www.plattformhaslital.ch\/en\/wp-json\/wp\/v2\/users\/3"}],"replies":[{"embeddable":true,"href":"https:\/\/www.plattformhaslital.ch\/en\/wp-json\/wp\/v2\/comments?post=3147"}],"version-history":[{"count":0,"href":"https:\/\/www.plattformhaslital.ch\/en\/wp-json\/wp\/v2\/posts\/3147\/revisions"}],"wp:featuredmedia":[{"embeddable":true,"href":"https:\/\/www.plattformhaslital.ch\/en\/wp-json\/wp\/v2\/media\/3150"}],"wp:attachment":[{"href":"https:\/\/www.plattformhaslital.ch\/en\/wp-json\/wp\/v2\/media?parent=3147"}],"wp:term":[{"taxonomy":"category","embeddable":true,"href":"https:\/\/www.plattformhaslital.ch\/en\/wp-json\/wp\/v2\/categories?post=3147"},{"taxonomy":"post_tag","embeddable":true,"href":"https:\/\/www.plattformhaslital.ch\/en\/wp-json\/wp\/v2\/tags?post=3147"}],"curies":[{"name":"wp","href":"https:\/\/api.w.org\/{rel}","templated":true}]}}