{"id":3136,"date":"2024-09-15T21:17:41","date_gmt":"2024-09-15T19:17:41","guid":{"rendered":"https:\/\/www.plattformhaslital.ch\/?p=3136"},"modified":"2024-09-16T21:29:17","modified_gmt":"2024-09-16T19:29:17","slug":"wohnerei-3","status":"publish","type":"post","link":"https:\/\/www.plattformhaslital.ch\/en\/wohnerei-3\/","title":{"rendered":"Wohnerei"},"content":{"rendered":"<p><em><strong>Regional creation<\/strong><\/em><\/p>\n<p>Dauer: September - Oktober 2024<\/p>\n<p>Initiantin: Wohnerei, Christelle Reusser<\/p>\n<p>Mit grossem handwerklichem Geschick und ausgepr\u00e4gtem Gesp\u00fcr f\u00fcr Wohn- und Raumbed\u00fcrfnisse verwirklicht Christelle deine Einrichtungsw\u00fcnsche \u2013 sowohl f\u00fcr den privaten Wohnraum wie auch im Objektbereich.<\/p>\n<p>Further information: <a href=\"https:\/\/www.wohnerei.ch\" target=\"_blank\" rel=\"noopener\">wohnerei.ch<\/a><\/p>","protected":false},"excerpt":{"rendered":"<p><em><strong>Regional creation<\/strong><\/em><\/p>\n<p>Dauer: September - Oktober 2024<\/p>\n<p>Initiantin: Wohnerei, Christelle Reusser<\/p>","protected":false},"author":3,"featured_media":3141,"comment_status":"closed","ping_status":"closed","sticky":false,"template":"","format":"standard","meta":{"_seopress_robots_primary_cat":"none","_seopress_titles_title":"","_seopress_titles_desc":"","_seopress_robots_index":"","inline_featured_image":false,"footnotes":""},"categories":[15],"tags":[],"class_list":["post-3136","post","type-post","status-publish","format-standard","has-post-thumbnail","hentry","category-schaufenster","post-wrapper"],"_links":{"self":[{"href":"https:\/\/www.plattformhaslital.ch\/en\/wp-json\/wp\/v2\/posts\/3136","targetHints":{"allow":["GET"]}}],"collection":[{"href":"https:\/\/www.plattformhaslital.ch\/en\/wp-json\/wp\/v2\/posts"}],"about":[{"href":"https:\/\/www.plattformhaslital.ch\/en\/wp-json\/wp\/v2\/types\/post"}],"author":[{"embeddable":true,"href":"https:\/\/www.plattformhaslital.ch\/en\/wp-json\/wp\/v2\/users\/3"}],"replies":[{"embeddable":true,"href":"https:\/\/www.plattformhaslital.ch\/en\/wp-json\/wp\/v2\/comments?post=3136"}],"version-history":[{"count":0,"href":"https:\/\/www.plattformhaslital.ch\/en\/wp-json\/wp\/v2\/posts\/3136\/revisions"}],"wp:featuredmedia":[{"embeddable":true,"href":"https:\/\/www.plattformhaslital.ch\/en\/wp-json\/wp\/v2\/media\/3141"}],"wp:attachment":[{"href":"https:\/\/www.plattformhaslital.ch\/en\/wp-json\/wp\/v2\/media?parent=3136"}],"wp:term":[{"taxonomy":"category","embeddable":true,"href":"https:\/\/www.plattformhaslital.ch\/en\/wp-json\/wp\/v2\/categories?post=3136"},{"taxonomy":"post_tag","embeddable":true,"href":"https:\/\/www.plattformhaslital.ch\/en\/wp-json\/wp\/v2\/tags?post=3136"}],"curies":[{"name":"wp","href":"https:\/\/api.w.org\/{rel}","templated":true}]}}