{"id":2860,"date":"2023-10-16T15:43:08","date_gmt":"2023-10-16T13:43:08","guid":{"rendered":"https:\/\/www.plattformhaslital.ch\/?p=2860"},"modified":"2023-10-16T22:07:41","modified_gmt":"2023-10-16T20:07:41","slug":"repair-cafe-haslital-5","status":"publish","type":"post","link":"https:\/\/www.plattformhaslital.ch\/en\/repair-cafe-haslital-5\/","title":{"rendered":"Repair Caf\u00e9 Haslital"},"content":{"rendered":"<p>Kommenden Samstag, am 21.Oktober 2023, k\u00f6nnt ihr einmal mehr all eure Gegenst\u00e4nde in die Tramhalle in Meiringen zum Reparieren vorbeibringen. Zahlreiche talentierte Handwerker:innen werden vor Ort sein und euch beim Flicken der Gegenst\u00e4nde unterst\u00fctzen. Das Repair Caf\u00e9 ist von 9:00 bis 14:00 Uhr ge\u00f6ffnet (Annahme von Gegenst\u00e4nden bis 13:00 Uhr).<\/p>\n<p>Auch dieses Mal servieren wir Kaffee und Kuchen zum Geniessen, Pausemachen und um allf\u00e4llige Wartezeiten zu \u00fcberbr\u00fccken.<\/p>\n<p><img loading=\"lazy\" decoding=\"async\" class=\"wp-image-1885 size-medium alignnone\" src=\"https:\/\/www.plattformhaslital.ch\/wp-content\/uploads\/2019\/11\/repair_cafe_haslital_logos-300x200.jpg\" alt=\"\" width=\"300\" height=\"200\" srcset=\"https:\/\/www.plattformhaslital.ch\/wp-content\/uploads\/2019\/11\/repair_cafe_haslital_logos-300x200.jpg 300w, https:\/\/www.plattformhaslital.ch\/wp-content\/uploads\/2019\/11\/repair_cafe_haslital_logos-1024x683.jpg 1024w, https:\/\/www.plattformhaslital.ch\/wp-content\/uploads\/2019\/11\/repair_cafe_haslital_logos-768x512.jpg 768w, https:\/\/www.plattformhaslital.ch\/wp-content\/uploads\/2019\/11\/repair_cafe_haslital_logos-1536x1024.jpg 1536w, https:\/\/www.plattformhaslital.ch\/wp-content\/uploads\/2019\/11\/repair_cafe_haslital_logos-2048x1366.jpg 2048w\" sizes=\"auto, (max-width: 300px) 100vw, 300px\" \/><img loading=\"lazy\" decoding=\"async\" class=\"alignnone size-medium wp-image-1543\" src=\"https:\/\/www.plattformhaslital.ch\/wp-content\/uploads\/2019\/11\/logo_konsumentenschutz.jpg\" alt=\"\" width=\"300\" height=\"153\" \/><\/p>","protected":false},"excerpt":{"rendered":"<p>Kommenden Samstag, am 21.Oktober 2023, k\u00f6nnt ihr einmal mehr all eure Gegenst\u00e4nde in die Tramhalle in Meiringen zum Reparieren vorbeibringen. Zahlreiche talentierte Handwerker:innen werden vor Ort sein und euch beim Flicken der Gegenst\u00e4nde unterst\u00fctzen. Das Repair Caf\u00e9 ist von 9:00 bis 14:00 Uhr ge\u00f6ffnet (Annahme von Gegenst\u00e4nden bis 13:00 Uhr). Auch dieses Mal servieren wir [&hellip;]<\/p>","protected":false},"author":3,"featured_media":2936,"comment_status":"closed","ping_status":"closed","sticky":false,"template":"","format":"standard","meta":{"_seopress_robots_primary_cat":"none","_seopress_titles_title":"","_seopress_titles_desc":"","_seopress_robots_index":"","inline_featured_image":false,"footnotes":""},"categories":[1,3],"tags":[],"class_list":["post-2860","post","type-post","status-publish","format-standard","has-post-thumbnail","hentry","category-aktuell","category-events","post-wrapper"],"_links":{"self":[{"href":"https:\/\/www.plattformhaslital.ch\/en\/wp-json\/wp\/v2\/posts\/2860","targetHints":{"allow":["GET"]}}],"collection":[{"href":"https:\/\/www.plattformhaslital.ch\/en\/wp-json\/wp\/v2\/posts"}],"about":[{"href":"https:\/\/www.plattformhaslital.ch\/en\/wp-json\/wp\/v2\/types\/post"}],"author":[{"embeddable":true,"href":"https:\/\/www.plattformhaslital.ch\/en\/wp-json\/wp\/v2\/users\/3"}],"replies":[{"embeddable":true,"href":"https:\/\/www.plattformhaslital.ch\/en\/wp-json\/wp\/v2\/comments?post=2860"}],"version-history":[{"count":0,"href":"https:\/\/www.plattformhaslital.ch\/en\/wp-json\/wp\/v2\/posts\/2860\/revisions"}],"wp:featuredmedia":[{"embeddable":true,"href":"https:\/\/www.plattformhaslital.ch\/en\/wp-json\/wp\/v2\/media\/2936"}],"wp:attachment":[{"href":"https:\/\/www.plattformhaslital.ch\/en\/wp-json\/wp\/v2\/media?parent=2860"}],"wp:term":[{"taxonomy":"category","embeddable":true,"href":"https:\/\/www.plattformhaslital.ch\/en\/wp-json\/wp\/v2\/categories?post=2860"},{"taxonomy":"post_tag","embeddable":true,"href":"https:\/\/www.plattformhaslital.ch\/en\/wp-json\/wp\/v2\/tags?post=2860"}],"curies":[{"name":"wp","href":"https:\/\/api.w.org\/{rel}","templated":true}]}}