{"id":2810,"date":"2023-03-12T22:21:06","date_gmt":"2023-03-12T21:21:06","guid":{"rendered":"https:\/\/www.plattformhaslital.ch\/?p=2810"},"modified":"2023-03-12T22:21:06","modified_gmt":"2023-03-12T21:21:06","slug":"innovationsanlass-2-2","status":"publish","type":"post","link":"https:\/\/www.plattformhaslital.ch\/en\/innovationsanlass-2-2\/","title":{"rendered":"Innovationsanlass #2"},"content":{"rendered":"<p>Gute Stimmung, spannende Gespr\u00e4che, viele Ideen \u2013 so l\u00e4sst sich in etwa der Abend am Innovationsanlass #2 in Meiringen beschreiben. <\/p>\n<p>Anwesend waren rund 60 Personen unterschiedlichen Alters, alle aus ganz verschiedenen Bereichen (vom Bauer, \u00fcber die Gemeinder\u00e4tin, der Psychiaterin bis zum IT-Spezialisten), mit anderen Ideen und Bed\u00fcrfnissen.<\/p>\n<p>Vieles ist angedacht, nun geht es in einem n\u00e4chsten Schritt um eine m\u00f6gliche Umsetzung einiger konkreter Ideen. <\/p>\n<p>Herzlichen Dank an Heike Mayer, Samuel Wirth und Pascal Tschumi von der Universit\u00e4t Bern f\u00fcr die Beitr\u00e4ge! Spannend, was in der Forschung zu sozialer Innovation herausgekommen ist und sch\u00f6n zu sehen, dass sich diese Erkenntnisse mit den Erfahrungen unserer G\u00e4ste aus der Praxis decken. <\/p>\n<p>Und herzlichen Dank auch an Daniel B\u00fcrki von Guttannen bewegt, die Holzbildhauerin Franziska Frutiger und Heinz und Ruth Brog vom WollReich Haslital f\u00fcr ihre wertvollen Beitr\u00e4ge, das UNESCO-Welterbe Schweizer Alpen Jungfrau-Aletsch und das Standortmarketing & Regionalentwicklung Region Haslital Brienz.<\/p>\n<p>Auf ein N\u00e4chstes f\u00fcr ein innovatives Haslital!<\/p>","protected":false},"excerpt":{"rendered":"<p>Gute Stimmung, spannende Gespr\u00e4che, viele Ideen \u2013 so l\u00e4sst sich in etwa der Abend am Innovationsanlass #2 in Meiringen beschreiben. Anwesend waren rund 60 Personen unterschiedlichen Alters, alle aus ganz verschiedenen Bereichen (vom Bauer, \u00fcber die Gemeinder\u00e4tin, der Psychiaterin bis zum IT-Spezialisten), mit anderen Ideen und Bed\u00fcrfnissen. Vieles ist angedacht, nun geht es in einem [&hellip;]<\/p>","protected":false},"author":3,"featured_media":2841,"comment_status":"closed","ping_status":"closed","sticky":false,"template":"","format":"gallery","meta":{"_seopress_robots_primary_cat":"none","_seopress_titles_title":"","_seopress_titles_desc":"","_seopress_robots_index":"","inline_featured_image":false,"footnotes":""},"categories":[1,3],"tags":[],"class_list":["post-2810","post","type-post","status-publish","format-gallery","has-post-thumbnail","hentry","category-aktuell","category-events","post_format-post-format-gallery","post-wrapper"],"_links":{"self":[{"href":"https:\/\/www.plattformhaslital.ch\/en\/wp-json\/wp\/v2\/posts\/2810","targetHints":{"allow":["GET"]}}],"collection":[{"href":"https:\/\/www.plattformhaslital.ch\/en\/wp-json\/wp\/v2\/posts"}],"about":[{"href":"https:\/\/www.plattformhaslital.ch\/en\/wp-json\/wp\/v2\/types\/post"}],"author":[{"embeddable":true,"href":"https:\/\/www.plattformhaslital.ch\/en\/wp-json\/wp\/v2\/users\/3"}],"replies":[{"embeddable":true,"href":"https:\/\/www.plattformhaslital.ch\/en\/wp-json\/wp\/v2\/comments?post=2810"}],"version-history":[{"count":0,"href":"https:\/\/www.plattformhaslital.ch\/en\/wp-json\/wp\/v2\/posts\/2810\/revisions"}],"wp:featuredmedia":[{"embeddable":true,"href":"https:\/\/www.plattformhaslital.ch\/en\/wp-json\/wp\/v2\/media\/2841"}],"wp:attachment":[{"href":"https:\/\/www.plattformhaslital.ch\/en\/wp-json\/wp\/v2\/media?parent=2810"}],"wp:term":[{"taxonomy":"category","embeddable":true,"href":"https:\/\/www.plattformhaslital.ch\/en\/wp-json\/wp\/v2\/categories?post=2810"},{"taxonomy":"post_tag","embeddable":true,"href":"https:\/\/www.plattformhaslital.ch\/en\/wp-json\/wp\/v2\/tags?post=2810"}],"curies":[{"name":"wp","href":"https:\/\/api.w.org\/{rel}","templated":true}]}}