{"id":2766,"date":"2022-12-18T23:07:19","date_gmt":"2022-12-18T22:07:19","guid":{"rendered":"https:\/\/www.plattformhaslital.ch\/?p=2766"},"modified":"2023-02-05T23:08:57","modified_gmt":"2023-02-05T22:08:57","slug":"gemeindepraesident","status":"publish","type":"post","link":"https:\/\/www.plattformhaslital.ch\/en\/gemeindepraesident\/","title":{"rendered":"Gemeindepr\u00e4sident"},"content":{"rendered":"<p>Unser Betriebsgruppenmitglied Daniel Studer ist seit der ersten Stunde der Plattform Haslital mit dabei. Zugleich ist er unser Genossenschaftspr\u00e4sident. Heute ist er nun mit knapp 60 Prozent der Stimmen offiziell zum neuen Gemeindepr\u00e4sident von Meiringen gew\u00e4hlt worden. Wir gratulieren <span class=\"c-emoji c-emoji__medium c-emoji--inline\" data-qa=\"emoji\" data-sk=\"tooltip_parent\"><img decoding=\"async\" src=\"https:\/\/a.slack-edge.com\/production-standard-emoji-assets\/14.0\/apple-medium\/1f389@2x.png\" alt=\":tada:\" aria-label=\"tada-Emoji\" data-stringify-type=\"emoji\" data-stringify-emoji=\":tada:\" \/><\/span> !Danis Ideen, sein Blick \u00fcber den Tellerrand, sein Engagement und sein Netzwerk sind immer wieder wertvoll f\u00fcr die Plattform und unsere Projekte.Einen grossen Dank an alle, die zur Urne gegangen sind! Die Stimmbeteilung lag mit rund 52 Prozent sogar noch leicht h\u00f6her als im ersten Wahlgang bei den Gemeinderatswahlen Ende November. Wir freuen uns <span class=\"c-emoji c-emoji__medium c-emoji--inline\" data-qa=\"emoji\" data-sk=\"tooltip_parent\"><img decoding=\"async\" src=\"https:\/\/a.slack-edge.com\/production-standard-emoji-assets\/14.0\/apple-medium\/1f600@2x.png\" alt=\":breites_l\u00e4cheln:\" aria-label=\"breites l\u00e4cheln-Emoji\" data-stringify-type=\"emoji\" data-stringify-emoji=\":grinning:\" \/><\/span> \u00fcber die lebendige Demokratie in Meiringen und die angeregten Diskussionen \u00fcber Gemeindepolitik. Dem neuen Gemeinderat w\u00fcnschen wir eine gute Zusammenarbeit und viel Erfolg f\u00fcr die Legislatur 2023 \u2013 2026!<\/p>","protected":false},"excerpt":{"rendered":"<p>Unser Betriebsgruppenmitglied Daniel Studer ist seit der ersten Stunde der Plattform Haslital mit dabei. Zugleich ist er unser Genossenschaftspr\u00e4sident. Heute ist er nun mit knapp 60 Prozent der Stimmen offiziell zum neuen Gemeindepr\u00e4sident von Meiringen gew\u00e4hlt worden. Wir gratulieren !Danis Ideen, sein Blick \u00fcber den Tellerrand, sein Engagement und sein Netzwerk sind immer wieder wertvoll [&hellip;]<\/p>","protected":false},"author":3,"featured_media":2769,"comment_status":"closed","ping_status":"closed","sticky":false,"template":"","format":"standard","meta":{"_seopress_robots_primary_cat":"none","_seopress_titles_title":"","_seopress_titles_desc":"","_seopress_robots_index":"","inline_featured_image":false,"footnotes":""},"categories":[1],"tags":[],"class_list":["post-2766","post","type-post","status-publish","format-standard","has-post-thumbnail","hentry","category-aktuell","post-wrapper"],"_links":{"self":[{"href":"https:\/\/www.plattformhaslital.ch\/en\/wp-json\/wp\/v2\/posts\/2766","targetHints":{"allow":["GET"]}}],"collection":[{"href":"https:\/\/www.plattformhaslital.ch\/en\/wp-json\/wp\/v2\/posts"}],"about":[{"href":"https:\/\/www.plattformhaslital.ch\/en\/wp-json\/wp\/v2\/types\/post"}],"author":[{"embeddable":true,"href":"https:\/\/www.plattformhaslital.ch\/en\/wp-json\/wp\/v2\/users\/3"}],"replies":[{"embeddable":true,"href":"https:\/\/www.plattformhaslital.ch\/en\/wp-json\/wp\/v2\/comments?post=2766"}],"version-history":[{"count":0,"href":"https:\/\/www.plattformhaslital.ch\/en\/wp-json\/wp\/v2\/posts\/2766\/revisions"}],"wp:featuredmedia":[{"embeddable":true,"href":"https:\/\/www.plattformhaslital.ch\/en\/wp-json\/wp\/v2\/media\/2769"}],"wp:attachment":[{"href":"https:\/\/www.plattformhaslital.ch\/en\/wp-json\/wp\/v2\/media?parent=2766"}],"wp:term":[{"taxonomy":"category","embeddable":true,"href":"https:\/\/www.plattformhaslital.ch\/en\/wp-json\/wp\/v2\/categories?post=2766"},{"taxonomy":"post_tag","embeddable":true,"href":"https:\/\/www.plattformhaslital.ch\/en\/wp-json\/wp\/v2\/tags?post=2766"}],"curies":[{"name":"wp","href":"https:\/\/api.w.org\/{rel}","templated":true}]}}