{"id":2409,"date":"2021-05-01T22:30:06","date_gmt":"2021-05-01T20:30:06","guid":{"rendered":"https:\/\/www.plattformhaslital.ch\/?p=2409"},"modified":"2021-08-31T21:58:18","modified_gmt":"2021-08-31T19:58:18","slug":"repair-cafe-abgesagt","status":"publish","type":"post","link":"https:\/\/www.plattformhaslital.ch\/en\/repair-cafe-abgesagt\/","title":{"rendered":"Repair Caf\u00e9 abgesagt"},"content":{"rendered":"<p><strong>Aufgrund der Corona-Pandemie wird das Repair Caf\u00e9 am kommenden 8. Mai 2021 nicht stattfinden.<\/strong><br \/>\nDas Positive: Mittlerweile gibt es auch hierf\u00fcr digitale Alternativen. Falls ihr einen Gegenstand habt, den ihr gerne jetzt repariert haben m\u00f6chtet, k\u00f6nnt ihr dies <a href=\"https:\/\/www.repairconnects.org\/de\/location\/repair-cafe-haslital-meiringen\" rel=\"noopener\" target=\"_blank\">online anmelden<\/a> und wir werden uns dann mit euch in Verbindung setzen. Probiert es aus!<br \/>\nDas n\u00e4chste, echte Repair Caf\u00e9 findet (aller Voraussicht nach) am <strong>16. Oktober 2021<\/strong> statt. Wir freuen uns bereits jetzt auf einen weiteren erfolgreichen Reparaturtag!<\/p>\n<p><img decoding=\"async\" src=\"https:\/\/www.plattformhaslital.ch\/wp-content\/uploads\/2021\/05\/repair_connects.png\" alt=\"\" \/><\/p>","protected":false},"excerpt":{"rendered":"<p>Aufgrund der Corona-Pandemie wird das Repair Caf\u00e9 am kommenden 8. Mai 2021 nicht stattfinden. Das Positive: Mittlerweile gibt es auch hierf\u00fcr digitale Alternativen. Falls ihr einen Gegenstand habt, den ihr gerne jetzt repariert haben m\u00f6chtet, k\u00f6nnt ihr dies online anmelden und wir werden uns dann mit euch in Verbindung setzen. Probiert es aus! Das n\u00e4chste, [&hellip;]<\/p>","protected":false},"author":3,"featured_media":2408,"comment_status":"closed","ping_status":"closed","sticky":false,"template":"","format":"standard","meta":{"_seopress_robots_primary_cat":"none","_seopress_titles_title":"","_seopress_titles_desc":"","_seopress_robots_index":"","inline_featured_image":false,"footnotes":""},"categories":[1,3],"tags":[],"class_list":["post-2409","post","type-post","status-publish","format-standard","has-post-thumbnail","hentry","category-aktuell","category-events","post-wrapper"],"_links":{"self":[{"href":"https:\/\/www.plattformhaslital.ch\/en\/wp-json\/wp\/v2\/posts\/2409","targetHints":{"allow":["GET"]}}],"collection":[{"href":"https:\/\/www.plattformhaslital.ch\/en\/wp-json\/wp\/v2\/posts"}],"about":[{"href":"https:\/\/www.plattformhaslital.ch\/en\/wp-json\/wp\/v2\/types\/post"}],"author":[{"embeddable":true,"href":"https:\/\/www.plattformhaslital.ch\/en\/wp-json\/wp\/v2\/users\/3"}],"replies":[{"embeddable":true,"href":"https:\/\/www.plattformhaslital.ch\/en\/wp-json\/wp\/v2\/comments?post=2409"}],"version-history":[{"count":0,"href":"https:\/\/www.plattformhaslital.ch\/en\/wp-json\/wp\/v2\/posts\/2409\/revisions"}],"wp:featuredmedia":[{"embeddable":true,"href":"https:\/\/www.plattformhaslital.ch\/en\/wp-json\/wp\/v2\/media\/2408"}],"wp:attachment":[{"href":"https:\/\/www.plattformhaslital.ch\/en\/wp-json\/wp\/v2\/media?parent=2409"}],"wp:term":[{"taxonomy":"category","embeddable":true,"href":"https:\/\/www.plattformhaslital.ch\/en\/wp-json\/wp\/v2\/categories?post=2409"},{"taxonomy":"post_tag","embeddable":true,"href":"https:\/\/www.plattformhaslital.ch\/en\/wp-json\/wp\/v2\/tags?post=2409"}],"curies":[{"name":"wp","href":"https:\/\/api.w.org\/{rel}","templated":true}]}}