{"id":2063,"date":"2020-04-24T22:57:41","date_gmt":"2020-04-24T20:57:41","guid":{"rendered":"https:\/\/www.plattformhaslital.ch\/?p=2063"},"modified":"2020-04-24T23:40:21","modified_gmt":"2020-04-24T21:40:21","slug":"wir-feiern-geburtstag","status":"publish","type":"post","link":"https:\/\/www.plattformhaslital.ch\/en\/wir-feiern-geburtstag\/","title":{"rendered":"We are celebrating a birthday!"},"content":{"rendered":"<p>Dear platformers, dear partners, interested parties<\/p>\n<p>In fact, the Haslital platform is already one year old. It has been since the end of March 2019\u00a0<a href=\"https:\/\/www.plattformhaslital.ch\/en\/impressionen-von-der-eroeffnung-der-plattform-haslital\/\">opened<\/a>\u00a0and has been used briskly ever since. Cooperation-meeting point-innovation - the platform was launched under these keywords. Daniel Studer, member of the founding team and president of the cooperative, looks back with satisfaction on the first year, even though there is currently no real birthday party due to the corona pandemic. &quot;We celebrate and are happy in silence,&quot; grins Dani. &quot;And of course we&#039;re still very proud, we&#039;ve already managed the first year with the platform.&quot;<\/p>\n<p><img decoding=\"async\" src=\"https:\/\/mcusercontent.com\/7b414f05f4f37df13ee6b5c30\/images\/19f72ca7-6b91-4831-8892-fc9620685ad3.jpg\" \/><\/p>\n<p><strong>Coworking works best<\/strong><br \/>\nThe strongest and most active mainstay of the platform was the coworking space in this first year. &quot;We are satisfied with the development here,&quot; says Dani. \u00abWe have now issued annual subscriptions for ten working people. It is a good mix of self-employed and employees from start-ups, experienced companies and public administration. \u00bb Other people use the platform irregularly as a flexible workplace and Dani is confident that a few more platformers will be added. Foreigners who go on vacation in the Haslital also occasionally work on the platform. An ideal combination of work and leisure.<\/p>\n<p><strong>First public events held<\/strong><br \/>\nThe other two pillars, meeting point and innovation, are already having an impact. For example, there is one <a href=\"https:\/\/www.plattformhaslital.ch\/en\/tauschboutique\/\">Exchange boutique<\/a>\u00a0in the platform, external people use the meeting and seminar rooms and have been with partners\u00a0<a href=\"https:\/\/www.plattformhaslital.ch\/en\/innovation-projekte-und-partner\/\">smaller projects<\/a>\u00a0initiated. The first events also took place, such as the street festival \u201cup in the village\u201d or the successful one\u00a0<a href=\"https:\/\/www.plattformhaslital.ch\/en\/impressionen-vom-ersten-repair-cafe-haslital\/\">1. Repair caf\u00e9 in the Haslital.<\/a> The company group, which now consists of seven people, always comes up with good ideas on how these elements could be expanded in the platform, but sometimes not everything can be realized due to time constraints. But the goal is still to increase in the areas of meeting point and innovation.<\/p>\n<hr \/>\n<p><img decoding=\"async\" src=\"https:\/\/mcusercontent.com\/7b414f05f4f37df13ee6b5c30\/images\/28116746-8c2f-4ba5-b044-b66401b8da39.jpg\" \/><\/p>\n<p><strong>Postponed cooperative meeting<\/strong><br \/>\nLike so much these days, the meeting of the platform cooperatives is currently not possible. However, we will be happy to inform you about the further procedure if it is somewhat clearer how things will go in the coming weeks due to the Corona crisis.<\/p>\n<p><strong>Working on the platform and Covid-19<\/strong><br \/>\nIt is important to us to support the fight against Covid-19 and to comply with the requirements of the Federal Council. We therefore ask active platformers to work from home whenever possible. In addition, the number of people present is limited to a maximum of five people. Subscriptions or day passes are no longer issued for the time being. The platform is closed to the public until further notice.<\/p>\n<p><strong>As a test, additional study on the 1st floor<\/strong><br \/>\nAlso, but not only because of Corona, we rented an additional study of around 10 m2 on the first floor of the platform. This way, those who are still working on the platform can distribute themselves better. The room is also suitable for platformers who want to make calls or work in a very concentrated manner. You can also reserve this room accordingly in the Google Calendar.<\/p>\n<p><strong>2. Repair Caf\u00e9 postponed from early May 2020<\/strong><br \/>\nPatching instead of throwing away is the motto of the repair caf\u00e9. The caf\u00e9 should have taken place for the second time on May 2nd, after the offer had been very well received last autumn. Due to the Corona crisis, the repair caf\u00e9 is now postponed to autumn. We are happy if you collect numerous items that have to be repaired by then and then bring them over to the platform!<\/p>\n<div><strong>Do you want to get involved?<\/strong><\/div>\n<div>The platform is still looking for a company group member for the maintenance department. If you are interested and have some technical skills, sign up\u00a0<a href=\"mailto:info@plattformhaslital.ch\">info@ platformhaslital.ch<\/a>.<\/div>\n<div>Kind regards, the platform operating group<\/p>\n<p>Questions or suggestions?\u00a0<a href=\"mailto:info@plattformhaslital.ch\">info@ platformhaslital.ch<\/a>\u00a0or 033 553 41 09<\/p>\n<\/div>","protected":false},"excerpt":{"rendered":"<p>Liebe\u00a0Plattformer*innen, liebe Partner*innen, liebe Interessierte Tats\u00e4chlich, die Plattform Haslital ist bereits ein Jahr alt. Seit Ende M\u00e4rz 2019 ist sie\u00a0er\u00f6ffnet\u00a0und wird seither rege genutzt. Zusammenarbeit-Treffpunkt-Innovation \u2013 unter diesen Schlagworten wurde die Plattform damals lanciert. Daniel Studer, Mitglied des Gr\u00fcndungsteams und Pr\u00e4sident der Genossenschaft, blickt zufrieden auf das erste Jahr zur\u00fcck, auch wenn es nun wegen [&hellip;]<\/p>","protected":false},"author":3,"featured_media":2071,"comment_status":"closed","ping_status":"closed","sticky":false,"template":"","format":"standard","meta":{"_seopress_robots_primary_cat":"none","_seopress_titles_title":" %%post_title%%","_seopress_titles_desc":"","_seopress_robots_index":"","inline_featured_image":false,"footnotes":""},"categories":[26],"tags":[],"class_list":["post-2063","post","type-post","status-publish","format-standard","has-post-thumbnail","hentry","category-newsletter","post-wrapper"],"_links":{"self":[{"href":"https:\/\/www.plattformhaslital.ch\/en\/wp-json\/wp\/v2\/posts\/2063","targetHints":{"allow":["GET"]}}],"collection":[{"href":"https:\/\/www.plattformhaslital.ch\/en\/wp-json\/wp\/v2\/posts"}],"about":[{"href":"https:\/\/www.plattformhaslital.ch\/en\/wp-json\/wp\/v2\/types\/post"}],"author":[{"embeddable":true,"href":"https:\/\/www.plattformhaslital.ch\/en\/wp-json\/wp\/v2\/users\/3"}],"replies":[{"embeddable":true,"href":"https:\/\/www.plattformhaslital.ch\/en\/wp-json\/wp\/v2\/comments?post=2063"}],"version-history":[{"count":0,"href":"https:\/\/www.plattformhaslital.ch\/en\/wp-json\/wp\/v2\/posts\/2063\/revisions"}],"wp:featuredmedia":[{"embeddable":true,"href":"https:\/\/www.plattformhaslital.ch\/en\/wp-json\/wp\/v2\/media\/2071"}],"wp:attachment":[{"href":"https:\/\/www.plattformhaslital.ch\/en\/wp-json\/wp\/v2\/media?parent=2063"}],"wp:term":[{"taxonomy":"category","embeddable":true,"href":"https:\/\/www.plattformhaslital.ch\/en\/wp-json\/wp\/v2\/categories?post=2063"},{"taxonomy":"post_tag","embeddable":true,"href":"https:\/\/www.plattformhaslital.ch\/en\/wp-json\/wp\/v2\/tags?post=2063"}],"curies":[{"name":"wp","href":"https:\/\/api.w.org\/{rel}","templated":true}]}}